{"id":215,"date":"2018-07-25T11:52:42","date_gmt":"2018-07-25T09:52:42","guid":{"rendered":"https:\/\/rankorathletics.pl\/blog\/?p=215"},"modified":"2026-07-06T10:19:14","modified_gmt":"2026-07-06T08:19:14","slug":"8-tygodni-do-plazowej-formy-podsumowanie","status":"publish","type":"post","link":"https:\/\/rankorathletics.pl\/blog\/8-tygodni-do-plazowej-formy-podsumowanie\/","title":{"rendered":"8 tygodni do pla\u017cowej formy &#8211; podsumowanie"},"content":{"rendered":"<p>Zaczn\u0119 bez zb\u0119dnych wst\u0119p\u00f3w i g\u00f3rnolotnych fraz. W trakcie 8 tygodniowego wyzwania \u0142\u0105czn\u0105 utrata wagi wynios\u0142a 9,8kg od dnia pomiaru 22.05 [91kg] do 13.07 [81,2kg]\n<figure id=\"attachment_224\" aria-describedby=\"caption-attachment-224\" style=\"width: 960px\" class=\"wp-caption aligncenter\"><img loading=\"lazy\" decoding=\"async\" class=\"wp-image-224 size-full\" src=\"https:\/\/rankorathletics.pl\/blog\/wp-content\/uploads\/2018\/07\/BeFunky-collage-5.jpg\" alt=\"\" width=\"960\" height=\"640\" srcset=\"https:\/\/rankorathletics.pl\/blog\/wp-content\/uploads\/2018\/07\/BeFunky-collage-5.jpg 960w, https:\/\/rankorathletics.pl\/blog\/wp-content\/uploads\/2018\/07\/BeFunky-collage-5-300x200.jpg 300w, https:\/\/rankorathletics.pl\/blog\/wp-content\/uploads\/2018\/07\/BeFunky-collage-5-768x512.jpg 768w, https:\/\/rankorathletics.pl\/blog\/wp-content\/uploads\/2018\/07\/BeFunky-collage-5-370x247.jpg 370w, https:\/\/rankorathletics.pl\/blog\/wp-content\/uploads\/2018\/07\/BeFunky-collage-5-270x180.jpg 270w, https:\/\/rankorathletics.pl\/blog\/wp-content\/uploads\/2018\/07\/BeFunky-collage-5-570x380.jpg 570w, https:\/\/rankorathletics.pl\/blog\/wp-content\/uploads\/2018\/07\/BeFunky-collage-5-770x513.jpg 770w, https:\/\/rankorathletics.pl\/blog\/wp-content\/uploads\/2018\/07\/BeFunky-collage-5-870x580.jpg 870w, https:\/\/rankorathletics.pl\/blog\/wp-content\/uploads\/2018\/07\/BeFunky-collage-5-600x400.jpg 600w\" sizes=\"auto, (max-width: 960px) 100vw, 960px\" \/><figcaption id=\"caption-attachment-224\" class=\"wp-caption-text\"><strong>Zdj\u0119cia na pocz\u0105tku i ko\u0144cu 8 tygodniowego wyzwania: 91kg &#8211; 82,1kg<\/strong><\/figcaption><\/figure>\n<p>&nbsp;<\/p>\n<p><img loading=\"lazy\" decoding=\"async\" class=\"aligncenter size-full wp-image-216\" src=\"https:\/\/rankorathletics.pl\/blog\/wp-content\/uploads\/2018\/07\/Utrata-wagi-na-przestrzeni-8-tygodni-1.png\" alt=\"\" width=\"760\" height=\"470\" srcset=\"https:\/\/rankorathletics.pl\/blog\/wp-content\/uploads\/2018\/07\/Utrata-wagi-na-przestrzeni-8-tygodni-1.png 760w, https:\/\/rankorathletics.pl\/blog\/wp-content\/uploads\/2018\/07\/Utrata-wagi-na-przestrzeni-8-tygodni-1-300x186.png 300w, https:\/\/rankorathletics.pl\/blog\/wp-content\/uploads\/2018\/07\/Utrata-wagi-na-przestrzeni-8-tygodni-1-370x229.png 370w, https:\/\/rankorathletics.pl\/blog\/wp-content\/uploads\/2018\/07\/Utrata-wagi-na-przestrzeni-8-tygodni-1-570x353.png 570w, https:\/\/rankorathletics.pl\/blog\/wp-content\/uploads\/2018\/07\/Utrata-wagi-na-przestrzeni-8-tygodni-1-600x371.png 600w\" sizes=\"auto, (max-width: 760px) 100vw, 760px\" \/><\/p>\n<h1>Jak to si\u0119 stao?<\/h1>\n<h2>Tydzie\u0144 1-5<\/h2>\n<h3>Treningi<\/h3>\n<p>Trzymaj\u0105c si\u0119 zalece\u0144 wyzwania, do normalnej aktywno\u015bci, kt\u00f3r\u0105 ju\u017c mia\u0142em doda\u0142em 3x w tygodniu po 45&#8242; wybranej formy Cardio. M\u00f3j tydzie\u0144 wygl\u0105da\u0142 wi\u0119c mniej wi\u0119cej tak:<\/p>\n<p>Trening si\u0142owy + kondycyjny 3x<\/p>\n<p>Trening wspinaczkowy 1-2x<\/p>\n<p>Cardio 3x<\/p>\n<p>O ile na rowerze je\u017cd\u017c\u0119 przez ca\u0142y rok, to powr\u00f3t do p\u0142ywania, a w szczeg\u00f3lno\u015bci na basenie AWFu by\u0142 dla mnie jak ogl\u0105danie &#8220;Kr\u00f3la Lwa&#8221; w 1996 i przywo\u0142a\u0142o to fajne wspomnienia. Odkurzy\u0142em rolki, buty do biegania i stara\u0142em si\u0119 urozmaica\u0107 to jak najbardziej, tak aby zachowa\u0107 czyst\u0105 g\u0142ow\u0119, a sam proces sprawia\u0142 mi du\u017co przyjemno\u015bci (na m\u0119czarni\u0119 jeszcze przyjdzie czas). Dwukrotnie zast\u0105pi\u0142em sesj\u0119 cardio d\u0142ugimi wycieczkami rowerowymi (4+h) z przyjaci\u00f3\u0142mi, dooko\u0142a Poznania i w okolice Mi\u0119dzyrzecza a w trakcie festiwalu wspinaczkowego na jurze krakowsko-cz\u0119stochowskiej odby\u0142em d\u0142ugi g\u00f3rzysty spacer.<\/p>\n<p>&nbsp;<\/p>\n<figure id=\"attachment_217\" aria-describedby=\"caption-attachment-217\" style=\"width: 960px\" class=\"wp-caption aligncenter\"><img loading=\"lazy\" decoding=\"async\" class=\"wp-image-217 size-full\" src=\"https:\/\/rankorathletics.pl\/blog\/wp-content\/uploads\/2018\/07\/BeFunky-collage-4.jpg\" alt=\"\" width=\"960\" height=\"640\" srcset=\"https:\/\/rankorathletics.pl\/blog\/wp-content\/uploads\/2018\/07\/BeFunky-collage-4.jpg 960w, https:\/\/rankorathletics.pl\/blog\/wp-content\/uploads\/2018\/07\/BeFunky-collage-4-300x200.jpg 300w, https:\/\/rankorathletics.pl\/blog\/wp-content\/uploads\/2018\/07\/BeFunky-collage-4-768x512.jpg 768w, https:\/\/rankorathletics.pl\/blog\/wp-content\/uploads\/2018\/07\/BeFunky-collage-4-370x247.jpg 370w, https:\/\/rankorathletics.pl\/blog\/wp-content\/uploads\/2018\/07\/BeFunky-collage-4-270x180.jpg 270w, https:\/\/rankorathletics.pl\/blog\/wp-content\/uploads\/2018\/07\/BeFunky-collage-4-570x380.jpg 570w, https:\/\/rankorathletics.pl\/blog\/wp-content\/uploads\/2018\/07\/BeFunky-collage-4-770x513.jpg 770w, https:\/\/rankorathletics.pl\/blog\/wp-content\/uploads\/2018\/07\/BeFunky-collage-4-870x580.jpg 870w, https:\/\/rankorathletics.pl\/blog\/wp-content\/uploads\/2018\/07\/BeFunky-collage-4-600x400.jpg 600w\" sizes=\"auto, (max-width: 960px) 100vw, 960px\" \/><figcaption id=\"caption-attachment-217\" class=\"wp-caption-text\">Rowerem, na rolkach, pieszo i w wodzie. Trzeba sobie urozmaica\u0107!<\/figcaption><\/figure>\n<h3>Dieta<\/h3>\n<p>Zmian, kt\u00f3re wprowadzi\u0142em w od\u017cywianiu nie mog\u0119 uzna\u0107 za drastyczne. Skontrolowa\u0142em jeszcze raz ile jem i w\u0142a\u015bciwie pozby\u0142em si\u0119 tylko jednego du\u017cego posi\u0142ku (-500kcal) zmniejszy\u0142em porcj\u0119 p\u0142atk\u00f3w owsianych o po\u0142ow\u0119 i zrezygnowa\u0142em ca\u0142kowicie ze s\u0142odyczy i przek\u0105sek w tym okresie &#8211; oznacza\u0142o to zakaz popcornu z mas\u0142em, kt\u00f3ry uwielbiam, ale niestety, co\u015b za co\u015b. Przy mojej aktywno\u015bci kaloryczno\u015b\u0107 ustawiona na ~2500kcal pozwoli\u0142a mi w spokojnym tempie zje\u017cd\u017ca\u0107 z t\u0142uszczu.<\/p>\n<h3>Plan i konsekwencja<\/h3>\n<p>Za ka\u017cdym razem gdy podsumowuj\u0119 jaki\u015b projekt, u\u015bwiadamiam sobie, jak bardzo motywuje mnie &#8220;odkre\u015blanie&#8221; zada\u0144 z listy. Tak dzia\u0142am. Akcja powoduje akcj\u0119 a umieszczenie planu dzia\u0142ania na widoku sprawia, \u017ce gdy nie mam ochoty czego\u015b, robi\u0107 czuj\u0119 si\u0119 winny. Plan wykona\u0142em na 100% (mo\u017ce nawet na wi\u0119cej, gdy dokr\u0119ca\u0142em sobie kurek w ostatnich tygodniach) w\u0142a\u015bnie dzi\u0119ki skre\u015blanemu plakatowi. Przy najbli\u017cszym wyzwaniu zrobi\u0119 dok\u0142adnie tak samo.<\/p>\n<figure id=\"attachment_219\" aria-describedby=\"caption-attachment-219\" style=\"width: 225px\" class=\"wp-caption aligncenter\"><img loading=\"lazy\" decoding=\"async\" class=\"wp-image-219 size-medium\" src=\"https:\/\/rankorathletics.pl\/blog\/wp-content\/uploads\/2018\/07\/IMG_20180725_102701-225x300.jpg\" alt=\"\" width=\"225\" height=\"300\" srcset=\"https:\/\/rankorathletics.pl\/blog\/wp-content\/uploads\/2018\/07\/IMG_20180725_102701-225x300.jpg 225w, https:\/\/rankorathletics.pl\/blog\/wp-content\/uploads\/2018\/07\/IMG_20180725_102701-768x1024.jpg 768w, https:\/\/rankorathletics.pl\/blog\/wp-content\/uploads\/2018\/07\/IMG_20180725_102701-370x493.jpg 370w, https:\/\/rankorathletics.pl\/blog\/wp-content\/uploads\/2018\/07\/IMG_20180725_102701-570x760.jpg 570w, https:\/\/rankorathletics.pl\/blog\/wp-content\/uploads\/2018\/07\/IMG_20180725_102701-770x1027.jpg 770w, https:\/\/rankorathletics.pl\/blog\/wp-content\/uploads\/2018\/07\/IMG_20180725_102701-1170x1560.jpg 1170w, https:\/\/rankorathletics.pl\/blog\/wp-content\/uploads\/2018\/07\/IMG_20180725_102701-435x580.jpg 435w, https:\/\/rankorathletics.pl\/blog\/wp-content\/uploads\/2018\/07\/IMG_20180725_102701-600x800.jpg 600w\" sizes=\"auto, (max-width: 225px) 100vw, 225px\" \/><figcaption id=\"caption-attachment-219\" class=\"wp-caption-text\">Zbli\u017caj\u0105cy si\u0119 koniec drogi nap\u0119dza do dzia\u0142ania.<\/figcaption><\/figure>\n<h1>Robi si\u0119 ciekawie<\/h1>\n<h2>Tydzie\u0144 6-8<\/h2>\n<h3>Waga leci na \u0142eb, 1300kcal, brak mocy<\/h3>\n<p>Maksymalne rezultaty, wymagaj\u0105 maksymalnych po\u015bwi\u0119ce\u0144 i tyle, niczego nie dostaje si\u0119 za darmo a skoro siedzia\u0142em w tym szambie od 5 tygodni to postanowi\u0142em dorzuci\u0107 co\u015b ekstra. Na pocz\u0105tku wyzwania obni\u017cy\u0142em kalorie z ~3200 na ~2500kcal i sz\u0142o super, wi\u0119c uci\u0119cie kolejnych 50% wyda\u0142o si\u0119 dobrym pomys\u0142em (przygotowa\u0142em na to specjalny plan i wcale nie jest to dieta\u00a0Calisty Flockhart na 0 kalorii).<\/p>\n<h3>Zamieniam si\u0119 w krow\u0119<\/h3>\n<p>Ca\u0142e za\u0142o\u017cenie opiera\u0142o si\u0119 na mocnym ograniczeniu w\u0119glowodan\u00f3w i przesuni\u0119ciu ich do okolic treningowych. Reszta posi\u0142k\u00f3w skomponowana by\u0142a z sa\u0142aty, zielonych warzyw i porcji bia\u0142ka (~30g na posi\u0142ek), oraz jednego sta\u0142ego &#8220;normalnego&#8221; posi\u0142ku w porze obiadowej, kt\u00f3rego kaloryczno\u015b\u0107 r\u00f3wnie\u017c oscylowa\u0142a przy ~500kcal. Ma\u0142y powr\u00f3t do wykresu i widzimy co si\u0119 dzieje, waga leci jak grubasek na linie.<\/p>\n<figure id=\"attachment_221\" aria-describedby=\"caption-attachment-221\" style=\"width: 428px\" class=\"wp-caption aligncenter\"><img loading=\"lazy\" decoding=\"async\" class=\"wp-image-221\" title=\"On jeszcze nie jad\u0142 sa\u0142aty\" src=\"https:\/\/rankorathletics.pl\/blog\/wp-content\/uploads\/2018\/07\/giphy.gif\" alt=\"\" width=\"428\" height=\"292\" \/><figcaption id=\"caption-attachment-221\" class=\"wp-caption-text\">Moja waga po drastycznym uci\u0119ciu kalorii.<\/figcaption><\/figure>\n<p>Przez nast\u0119pne 2 tygodnie wszystko jest tak, jak by\u0107 powinno, czyli: mniej energii na treningach, kilogramy wydaj\u0105 si\u0119 ci\u0119\u017csze ni\u017c zazwyczaj, ale to normalne, przecie\u017c powoli umieram. Jest spoko. Co by\u0142o r\u00f3wnie\u017c bardzo zauwa\u017calne to szybko\u015b\u0107 z jak\u0105 si\u0119 budzi\u0142em. \u015api\u0105c tyle co zawsze, ka\u017cdego dnia wychodzi\u0142em z \u0142\u00f3\u017cka bardziej wypocz\u0119ty i gotowy do dzia\u0142ania, niejednokrotnie budzi\u0142em si\u0119 przed budzikiem, natomiast kawa od rana zacz\u0119\u0142a mnie odrzuca\u0107.<\/p>\n<h3>Tydzie\u0144 8 &#8211; Hell&#8217;s Week<\/h3>\n<p>W tym momencie czu\u0142em si\u0119. gdybym wychodzi\u0142 z bardzo d\u0142ugiej jaskini, widzia\u0142 \u015bwiat\u0142o jest wylotu, ale wiem, \u017ce wcze\u015bniej musz\u0119 si\u0119 jeszcze wspi\u0105\u0107 po pionowej \u015bcianie i wykona\u0107 ostatni wysi\u0142ek. Pierwszy trening si\u0142owy to by\u0142a pora\u017cka, kofeina nie pomog\u0142a, cia\u0142o mo\u017ce by da\u0142o rad\u0119, ale g\u0142owa zdecydowanie m\u00f3wi\u0142a nie. W tym finalnym tygodniu zrezygnowa\u0142em praktycznie ca\u0142kowicie z w\u0119glowodan\u00f3w i posi\u0142k\u00f3w sta\u0142ych, ca\u0142kowita kaloryczno\u015b\u0107 wynosi\u0142a wi\u0119c sporo poni\u017cej 1000kcal a w ko\u0144cowej fazie si\u0119gn\u0119\u0142a 500kcal. Zbijam pion\u0119 z Mary Kate Olsen i do\u0142\u0105czam do klubu anorektyczek. Gdy jestem ju\u017c tak blisko dnia ZERO, nie odczuwam ju\u017c zm\u0119czenia ca\u0142ym procesem, a raczej ekscytacj\u0119, \u017ce uda\u0142o mi si\u0119 doj\u015b\u0107 tak daleko. Utrzymanie rygoru dietetycznego przychodzi bez problemu. Ha! Dok\u0142adam nawet saun\u0119 i dodatkowe cardio, teraz to g\u0142owa ci\u0105gnie cia\u0142o.<\/p>\n<h3>Dzie\u0144 ZERO -Sesja<\/h3>\n<p>W ostatni wiecz\u00f3r przed ko\u0144cem wyzwania waga pokazuje 81,2kg. Po zabawach z odwadnianiem, sk\u00f3ra jest zdecydowanie cie\u0144sza. Robi\u0119 ostatnie zdj\u0119cie por\u00f3wnawcze. R\u00f3\u017cnica prawie 10 kilogram\u00f3w jest na nich mniej widoczna ni\u017c na \u017cywo, ale tylko temu mia\u0142y s\u0142u\u017cy\u0107 &#8211; por\u00f3wnaniu. W sobot\u0119 zak\u0142adam spodenki a w\u0142a\u015bciwie to w nie wskakuj\u0119 bez rozpinania guzika. Rozmiar 33, kt\u00f3ry wcze\u015bniej by\u0142 za ma\u0142y, teraz musia\u0142bym zamieni\u0107 na 31 a i to nie wiem czy by starczy\u0142o. Czuj\u0119, \u017ce jednak zrobi\u0142em gdzie\u015b b\u0142\u0105d i nie do\u0142adowa\u0142em si\u0119 w\u0119glowodanami tak jak powinienem. Czuj\u0119 si\u0119 p\u0142aski i mi\u0119kki, \u017cy\u0142y wychodz\u0105 na klatce i barkach, ale nie czuj\u0119 si\u0119 p\u0119katy. No nic, ko\u0144cz\u0119 pi\u0107 butelk\u0119 s\u0142odzonej Pepsi i bierzemy si\u0119 za foty a zaraz potem lec\u0119 na pizz\u0119. To by\u0142 dobry dzie\u0144!<\/p>\n<p>&nbsp;<\/p>\n<figure id=\"attachment_226\" aria-describedby=\"caption-attachment-226\" style=\"width: 1280px\" class=\"wp-caption aligncenter\"><img loading=\"lazy\" decoding=\"async\" class=\"wp-image-226 size-full\" src=\"https:\/\/rankorathletics.pl\/blog\/wp-content\/uploads\/2018\/07\/BeFunky-collage-7.jpg\" alt=\"\" width=\"1280\" height=\"510\" srcset=\"https:\/\/rankorathletics.pl\/blog\/wp-content\/uploads\/2018\/07\/BeFunky-collage-7.jpg 1280w, https:\/\/rankorathletics.pl\/blog\/wp-content\/uploads\/2018\/07\/BeFunky-collage-7-300x120.jpg 300w, https:\/\/rankorathletics.pl\/blog\/wp-content\/uploads\/2018\/07\/BeFunky-collage-7-768x306.jpg 768w, https:\/\/rankorathletics.pl\/blog\/wp-content\/uploads\/2018\/07\/BeFunky-collage-7-1024x408.jpg 1024w, https:\/\/rankorathletics.pl\/blog\/wp-content\/uploads\/2018\/07\/BeFunky-collage-7-370x147.jpg 370w, https:\/\/rankorathletics.pl\/blog\/wp-content\/uploads\/2018\/07\/BeFunky-collage-7-570x227.jpg 570w, https:\/\/rankorathletics.pl\/blog\/wp-content\/uploads\/2018\/07\/BeFunky-collage-7-770x307.jpg 770w, https:\/\/rankorathletics.pl\/blog\/wp-content\/uploads\/2018\/07\/BeFunky-collage-7-1170x466.jpg 1170w, https:\/\/rankorathletics.pl\/blog\/wp-content\/uploads\/2018\/07\/BeFunky-collage-7-600x239.jpg 600w\" sizes=\"auto, (max-width: 1280px) 100vw, 1280px\" \/><figcaption id=\"caption-attachment-226\" class=\"wp-caption-text\">Kilka fotek no i po wszystkim. Za rok robi\u0119 to znowu.<\/figcaption><\/figure>\n","protected":false},"excerpt":{"rendered":"<p>Zaczn\u0119 bez zb\u0119dnych wst\u0119p\u00f3w i g\u00f3rnolotnych fraz. W trakcie 8 tygodniowego wyzwania&#8230;<\/p>\n","protected":false},"author":1,"featured_media":742,"comment_status":"closed","ping_status":"open","sticky":false,"template":"","format":"standard","meta":{"footnotes":""},"categories":[1],"tags":[],"class_list":["post-215","post","type-post","status-publish","format-standard","has-post-thumbnail","hentry","category-bez-kategorii","post-item","post-even"],"aioseo_notices":[],"aioseo_head":"\n\t\t<!-- All in One SEO 4.9.9 - aioseo.com -->\n\t<meta name=\"description\" content=\"Zaczn\u0119 bez zb\u0119dnych wst\u0119p\u00f3w i g\u00f3rnolotnych fraz. W trakcie 8 tygodniowego wyzwania \u0142\u0105czn\u0105 utrata wagi wynios\u0142a 9,8kg od dnia pomiaru 22.05 [91kg] do 13.07 [81,2kg] Jak to si\u0119 stao? Tydzie\u0144 1-5 Treningi Trzymaj\u0105c si\u0119 zalece\u0144 wyzwania, do normalnej aktywno\u015bci, kt\u00f3r\u0105 ju\u017c mia\u0142em doda\u0142em 3x w tygodniu po 45&#039; wybranej formy Cardio. M\u00f3j tydzie\u0144 wygl\u0105da\u0142\" \/>\n\t<meta name=\"robots\" content=\"max-image-preview:large\" \/>\n\t<meta name=\"author\" content=\"\u0141ukasz Po\u0142uboczek\"\/>\n\t<link rel=\"canonical\" href=\"https:\/\/rankorathletics.pl\/blog\/8-tygodni-do-plazowej-formy-podsumowanie\/\" \/>\n\t<meta name=\"generator\" content=\"All in One SEO (AIOSEO) 4.9.9\" \/>\n\t\t<meta property=\"og:locale\" content=\"pl_PL\" \/>\n\t\t<meta property=\"og:site_name\" content=\"Blog Rankor Athletics -\" \/>\n\t\t<meta property=\"og:type\" content=\"article\" \/>\n\t\t<meta property=\"og:title\" content=\"8 tygodni do pla\u017cowej formy \u2013 podsumowanie - Blog Rankor Athletics\" \/>\n\t\t<meta property=\"og:description\" content=\"Zaczn\u0119 bez zb\u0119dnych wst\u0119p\u00f3w i g\u00f3rnolotnych fraz. W trakcie 8 tygodniowego wyzwania \u0142\u0105czn\u0105 utrata wagi wynios\u0142a 9,8kg od dnia pomiaru 22.05 [91kg] do 13.07 [81,2kg] Jak to si\u0119 stao? Tydzie\u0144 1-5 Treningi Trzymaj\u0105c si\u0119 zalece\u0144 wyzwania, do normalnej aktywno\u015bci, kt\u00f3r\u0105 ju\u017c mia\u0142em doda\u0142em 3x w tygodniu po 45&#039; wybranej formy Cardio. M\u00f3j tydzie\u0144 wygl\u0105da\u0142\" \/>\n\t\t<meta property=\"og:url\" content=\"https:\/\/rankorathletics.pl\/blog\/8-tygodni-do-plazowej-formy-podsumowanie\/\" \/>\n\t\t<meta property=\"og:image\" content=\"https:\/\/rankorathletics.pl\/blog\/wp-content\/uploads\/2018\/07\/37643236_907241209468309_1934445272889294848_n.jpg\" \/>\n\t\t<meta property=\"og:image:secure_url\" content=\"https:\/\/rankorathletics.pl\/blog\/wp-content\/uploads\/2018\/07\/37643236_907241209468309_1934445272889294848_n.jpg\" \/>\n\t\t<meta property=\"og:image:width\" content=\"721\" \/>\n\t\t<meta property=\"og:image:height\" content=\"1080\" \/>\n\t\t<meta property=\"article:published_time\" content=\"2018-07-25T09:52:42+00:00\" \/>\n\t\t<meta property=\"article:modified_time\" content=\"2026-07-06T08:19:14+00:00\" \/>\n\t\t<meta name=\"twitter:card\" content=\"summary\" \/>\n\t\t<meta name=\"twitter:title\" content=\"8 tygodni do pla\u017cowej formy \u2013 podsumowanie - Blog Rankor Athletics\" \/>\n\t\t<meta name=\"twitter:description\" content=\"Zaczn\u0119 bez zb\u0119dnych wst\u0119p\u00f3w i g\u00f3rnolotnych fraz. W trakcie 8 tygodniowego wyzwania \u0142\u0105czn\u0105 utrata wagi wynios\u0142a 9,8kg od dnia pomiaru 22.05 [91kg] do 13.07 [81,2kg] Jak to si\u0119 stao? Tydzie\u0144 1-5 Treningi Trzymaj\u0105c si\u0119 zalece\u0144 wyzwania, do normalnej aktywno\u015bci, kt\u00f3r\u0105 ju\u017c mia\u0142em doda\u0142em 3x w tygodniu po 45&#039; wybranej formy Cardio. M\u00f3j tydzie\u0144 wygl\u0105da\u0142\" \/>\n\t\t<meta name=\"twitter:image\" content=\"https:\/\/rankorathletics.pl\/blog\/wp-content\/uploads\/2018\/07\/37643236_907241209468309_1934445272889294848_n.jpg\" \/>\n\t\t<script type=\"application\/ld+json\" class=\"aioseo-schema\">\n\t\t\t{\"@context\":\"https:\\\/\\\/schema.org\",\"@graph\":[{\"@type\":\"BlogPosting\",\"@id\":\"https:\\\/\\\/rankorathletics.pl\\\/blog\\\/8-tygodni-do-plazowej-formy-podsumowanie\\\/#blogposting\",\"name\":\"8 tygodni do pla\\u017cowej formy \\u2013 podsumowanie - Blog Rankor Athletics\",\"headline\":\"8 tygodni do pla\\u017cowej formy &#8211; podsumowanie\",\"author\":{\"@id\":\"https:\\\/\\\/rankorathletics.pl\\\/blog\\\/author\\\/lukasz\\\/#author\"},\"publisher\":{\"@id\":\"https:\\\/\\\/rankorathletics.pl\\\/blog\\\/#organization\"},\"image\":{\"@type\":\"ImageObject\",\"url\":\"https:\\\/\\\/rankorathletics.pl\\\/blog\\\/wp-content\\\/uploads\\\/2018\\\/07\\\/37643236_907241209468309_1934445272889294848_n.jpg\",\"width\":721,\"height\":1080},\"datePublished\":\"2018-07-25T11:52:42+02:00\",\"dateModified\":\"2026-07-06T10:19:14+02:00\",\"inLanguage\":\"pl-PL\",\"mainEntityOfPage\":{\"@id\":\"https:\\\/\\\/rankorathletics.pl\\\/blog\\\/8-tygodni-do-plazowej-formy-podsumowanie\\\/#webpage\"},\"isPartOf\":{\"@id\":\"https:\\\/\\\/rankorathletics.pl\\\/blog\\\/8-tygodni-do-plazowej-formy-podsumowanie\\\/#webpage\"},\"articleSection\":\"Bez kategorii\"},{\"@type\":\"BreadcrumbList\",\"@id\":\"https:\\\/\\\/rankorathletics.pl\\\/blog\\\/8-tygodni-do-plazowej-formy-podsumowanie\\\/#breadcrumblist\",\"itemListElement\":[{\"@type\":\"ListItem\",\"@id\":\"https:\\\/\\\/rankorathletics.pl\\\/blog#listItem\",\"position\":1,\"name\":\"Home\",\"item\":\"https:\\\/\\\/rankorathletics.pl\\\/blog\",\"nextItem\":{\"@type\":\"ListItem\",\"@id\":\"https:\\\/\\\/rankorathletics.pl\\\/blog\\\/category\\\/bez-kategorii\\\/#listItem\",\"name\":\"Bez kategorii\"}},{\"@type\":\"ListItem\",\"@id\":\"https:\\\/\\\/rankorathletics.pl\\\/blog\\\/category\\\/bez-kategorii\\\/#listItem\",\"position\":2,\"name\":\"Bez kategorii\",\"item\":\"https:\\\/\\\/rankorathletics.pl\\\/blog\\\/category\\\/bez-kategorii\\\/\",\"nextItem\":{\"@type\":\"ListItem\",\"@id\":\"https:\\\/\\\/rankorathletics.pl\\\/blog\\\/8-tygodni-do-plazowej-formy-podsumowanie\\\/#listItem\",\"name\":\"8 tygodni do pla\\u017cowej formy &#8211; podsumowanie\"},\"previousItem\":{\"@type\":\"ListItem\",\"@id\":\"https:\\\/\\\/rankorathletics.pl\\\/blog#listItem\",\"name\":\"Home\"}},{\"@type\":\"ListItem\",\"@id\":\"https:\\\/\\\/rankorathletics.pl\\\/blog\\\/8-tygodni-do-plazowej-formy-podsumowanie\\\/#listItem\",\"position\":3,\"name\":\"8 tygodni do pla\\u017cowej formy &#8211; podsumowanie\",\"previousItem\":{\"@type\":\"ListItem\",\"@id\":\"https:\\\/\\\/rankorathletics.pl\\\/blog\\\/category\\\/bez-kategorii\\\/#listItem\",\"name\":\"Bez kategorii\"}}]},{\"@type\":\"Organization\",\"@id\":\"https:\\\/\\\/rankorathletics.pl\\\/blog\\\/#organization\",\"name\":\"Blog Rankor Athletics\",\"url\":\"https:\\\/\\\/rankorathletics.pl\\\/blog\\\/\"},{\"@type\":\"Person\",\"@id\":\"https:\\\/\\\/rankorathletics.pl\\\/blog\\\/author\\\/lukasz\\\/#author\",\"url\":\"https:\\\/\\\/rankorathletics.pl\\\/blog\\\/author\\\/lukasz\\\/\",\"name\":\"\\u0141ukasz Po\\u0142uboczek\",\"image\":{\"@type\":\"ImageObject\",\"@id\":\"https:\\\/\\\/rankorathletics.pl\\\/blog\\\/8-tygodni-do-plazowej-formy-podsumowanie\\\/#authorImage\",\"url\":\"https:\\\/\\\/secure.gravatar.com\\\/avatar\\\/62ec4e0892aac28d92928bb932e476d20b77e9c07172bf26913662665ad59586?s=96&d=mm&r=g\",\"width\":96,\"height\":96,\"caption\":\"\\u0141ukasz Po\\u0142uboczek\"}},{\"@type\":\"WebPage\",\"@id\":\"https:\\\/\\\/rankorathletics.pl\\\/blog\\\/8-tygodni-do-plazowej-formy-podsumowanie\\\/#webpage\",\"url\":\"https:\\\/\\\/rankorathletics.pl\\\/blog\\\/8-tygodni-do-plazowej-formy-podsumowanie\\\/\",\"name\":\"8 tygodni do pla\\u017cowej formy \\u2013 podsumowanie - Blog Rankor Athletics\",\"description\":\"Zaczn\\u0119 bez zb\\u0119dnych wst\\u0119p\\u00f3w i g\\u00f3rnolotnych fraz. W trakcie 8 tygodniowego wyzwania \\u0142\\u0105czn\\u0105 utrata wagi wynios\\u0142a 9,8kg od dnia pomiaru 22.05 [91kg] do 13.07 [81,2kg] Jak to si\\u0119 stao? Tydzie\\u0144 1-5 Treningi Trzymaj\\u0105c si\\u0119 zalece\\u0144 wyzwania, do normalnej aktywno\\u015bci, kt\\u00f3r\\u0105 ju\\u017c mia\\u0142em doda\\u0142em 3x w tygodniu po 45' wybranej formy Cardio. M\\u00f3j tydzie\\u0144 wygl\\u0105da\\u0142\",\"inLanguage\":\"pl-PL\",\"isPartOf\":{\"@id\":\"https:\\\/\\\/rankorathletics.pl\\\/blog\\\/#website\"},\"breadcrumb\":{\"@id\":\"https:\\\/\\\/rankorathletics.pl\\\/blog\\\/8-tygodni-do-plazowej-formy-podsumowanie\\\/#breadcrumblist\"},\"author\":{\"@id\":\"https:\\\/\\\/rankorathletics.pl\\\/blog\\\/author\\\/lukasz\\\/#author\"},\"creator\":{\"@id\":\"https:\\\/\\\/rankorathletics.pl\\\/blog\\\/author\\\/lukasz\\\/#author\"},\"image\":{\"@type\":\"ImageObject\",\"url\":\"https:\\\/\\\/rankorathletics.pl\\\/blog\\\/wp-content\\\/uploads\\\/2018\\\/07\\\/37643236_907241209468309_1934445272889294848_n.jpg\",\"@id\":\"https:\\\/\\\/rankorathletics.pl\\\/blog\\\/8-tygodni-do-plazowej-formy-podsumowanie\\\/#mainImage\",\"width\":721,\"height\":1080},\"primaryImageOfPage\":{\"@id\":\"https:\\\/\\\/rankorathletics.pl\\\/blog\\\/8-tygodni-do-plazowej-formy-podsumowanie\\\/#mainImage\"},\"datePublished\":\"2018-07-25T11:52:42+02:00\",\"dateModified\":\"2026-07-06T10:19:14+02:00\"},{\"@type\":\"WebSite\",\"@id\":\"https:\\\/\\\/rankorathletics.pl\\\/blog\\\/#website\",\"url\":\"https:\\\/\\\/rankorathletics.pl\\\/blog\\\/\",\"name\":\"Blog Rankor Athletics\",\"inLanguage\":\"pl-PL\",\"publisher\":{\"@id\":\"https:\\\/\\\/rankorathletics.pl\\\/blog\\\/#organization\"}}]}\n\t\t<\/script>\n\t\t<!-- All in One SEO -->\n\n","aioseo_head_json":{"title":"8 tygodni do pla\u017cowej formy \u2013 podsumowanie - Blog Rankor Athletics","description":"Zaczn\u0119 bez zb\u0119dnych wst\u0119p\u00f3w i g\u00f3rnolotnych fraz. W trakcie 8 tygodniowego wyzwania \u0142\u0105czn\u0105 utrata wagi wynios\u0142a 9,8kg od dnia pomiaru 22.05 [91kg] do 13.07 [81,2kg] Jak to si\u0119 stao? Tydzie\u0144 1-5 Treningi Trzymaj\u0105c si\u0119 zalece\u0144 wyzwania, do normalnej aktywno\u015bci, kt\u00f3r\u0105 ju\u017c mia\u0142em doda\u0142em 3x w tygodniu po 45' wybranej formy Cardio. M\u00f3j tydzie\u0144 wygl\u0105da\u0142","canonical_url":"https:\/\/rankorathletics.pl\/blog\/8-tygodni-do-plazowej-formy-podsumowanie\/","robots":"max-image-preview:large","keywords":"","webmasterTools":{"miscellaneous":""},"schema":{"@context":"https:\/\/schema.org","@graph":[{"@type":"BlogPosting","@id":"https:\/\/rankorathletics.pl\/blog\/8-tygodni-do-plazowej-formy-podsumowanie\/#blogposting","name":"8 tygodni do pla\u017cowej formy \u2013 podsumowanie - Blog Rankor Athletics","headline":"8 tygodni do pla\u017cowej formy &#8211; podsumowanie","author":{"@id":"https:\/\/rankorathletics.pl\/blog\/author\/lukasz\/#author"},"publisher":{"@id":"https:\/\/rankorathletics.pl\/blog\/#organization"},"image":{"@type":"ImageObject","url":"https:\/\/rankorathletics.pl\/blog\/wp-content\/uploads\/2018\/07\/37643236_907241209468309_1934445272889294848_n.jpg","width":721,"height":1080},"datePublished":"2018-07-25T11:52:42+02:00","dateModified":"2026-07-06T10:19:14+02:00","inLanguage":"pl-PL","mainEntityOfPage":{"@id":"https:\/\/rankorathletics.pl\/blog\/8-tygodni-do-plazowej-formy-podsumowanie\/#webpage"},"isPartOf":{"@id":"https:\/\/rankorathletics.pl\/blog\/8-tygodni-do-plazowej-formy-podsumowanie\/#webpage"},"articleSection":"Bez kategorii"},{"@type":"BreadcrumbList","@id":"https:\/\/rankorathletics.pl\/blog\/8-tygodni-do-plazowej-formy-podsumowanie\/#breadcrumblist","itemListElement":[{"@type":"ListItem","@id":"https:\/\/rankorathletics.pl\/blog#listItem","position":1,"name":"Home","item":"https:\/\/rankorathletics.pl\/blog","nextItem":{"@type":"ListItem","@id":"https:\/\/rankorathletics.pl\/blog\/category\/bez-kategorii\/#listItem","name":"Bez kategorii"}},{"@type":"ListItem","@id":"https:\/\/rankorathletics.pl\/blog\/category\/bez-kategorii\/#listItem","position":2,"name":"Bez kategorii","item":"https:\/\/rankorathletics.pl\/blog\/category\/bez-kategorii\/","nextItem":{"@type":"ListItem","@id":"https:\/\/rankorathletics.pl\/blog\/8-tygodni-do-plazowej-formy-podsumowanie\/#listItem","name":"8 tygodni do pla\u017cowej formy &#8211; podsumowanie"},"previousItem":{"@type":"ListItem","@id":"https:\/\/rankorathletics.pl\/blog#listItem","name":"Home"}},{"@type":"ListItem","@id":"https:\/\/rankorathletics.pl\/blog\/8-tygodni-do-plazowej-formy-podsumowanie\/#listItem","position":3,"name":"8 tygodni do pla\u017cowej formy &#8211; podsumowanie","previousItem":{"@type":"ListItem","@id":"https:\/\/rankorathletics.pl\/blog\/category\/bez-kategorii\/#listItem","name":"Bez kategorii"}}]},{"@type":"Organization","@id":"https:\/\/rankorathletics.pl\/blog\/#organization","name":"Blog Rankor Athletics","url":"https:\/\/rankorathletics.pl\/blog\/"},{"@type":"Person","@id":"https:\/\/rankorathletics.pl\/blog\/author\/lukasz\/#author","url":"https:\/\/rankorathletics.pl\/blog\/author\/lukasz\/","name":"\u0141ukasz Po\u0142uboczek","image":{"@type":"ImageObject","@id":"https:\/\/rankorathletics.pl\/blog\/8-tygodni-do-plazowej-formy-podsumowanie\/#authorImage","url":"https:\/\/secure.gravatar.com\/avatar\/62ec4e0892aac28d92928bb932e476d20b77e9c07172bf26913662665ad59586?s=96&d=mm&r=g","width":96,"height":96,"caption":"\u0141ukasz Po\u0142uboczek"}},{"@type":"WebPage","@id":"https:\/\/rankorathletics.pl\/blog\/8-tygodni-do-plazowej-formy-podsumowanie\/#webpage","url":"https:\/\/rankorathletics.pl\/blog\/8-tygodni-do-plazowej-formy-podsumowanie\/","name":"8 tygodni do pla\u017cowej formy \u2013 podsumowanie - Blog Rankor Athletics","description":"Zaczn\u0119 bez zb\u0119dnych wst\u0119p\u00f3w i g\u00f3rnolotnych fraz. W trakcie 8 tygodniowego wyzwania \u0142\u0105czn\u0105 utrata wagi wynios\u0142a 9,8kg od dnia pomiaru 22.05 [91kg] do 13.07 [81,2kg] Jak to si\u0119 stao? Tydzie\u0144 1-5 Treningi Trzymaj\u0105c si\u0119 zalece\u0144 wyzwania, do normalnej aktywno\u015bci, kt\u00f3r\u0105 ju\u017c mia\u0142em doda\u0142em 3x w tygodniu po 45' wybranej formy Cardio. M\u00f3j tydzie\u0144 wygl\u0105da\u0142","inLanguage":"pl-PL","isPartOf":{"@id":"https:\/\/rankorathletics.pl\/blog\/#website"},"breadcrumb":{"@id":"https:\/\/rankorathletics.pl\/blog\/8-tygodni-do-plazowej-formy-podsumowanie\/#breadcrumblist"},"author":{"@id":"https:\/\/rankorathletics.pl\/blog\/author\/lukasz\/#author"},"creator":{"@id":"https:\/\/rankorathletics.pl\/blog\/author\/lukasz\/#author"},"image":{"@type":"ImageObject","url":"https:\/\/rankorathletics.pl\/blog\/wp-content\/uploads\/2018\/07\/37643236_907241209468309_1934445272889294848_n.jpg","@id":"https:\/\/rankorathletics.pl\/blog\/8-tygodni-do-plazowej-formy-podsumowanie\/#mainImage","width":721,"height":1080},"primaryImageOfPage":{"@id":"https:\/\/rankorathletics.pl\/blog\/8-tygodni-do-plazowej-formy-podsumowanie\/#mainImage"},"datePublished":"2018-07-25T11:52:42+02:00","dateModified":"2026-07-06T10:19:14+02:00"},{"@type":"WebSite","@id":"https:\/\/rankorathletics.pl\/blog\/#website","url":"https:\/\/rankorathletics.pl\/blog\/","name":"Blog Rankor Athletics","inLanguage":"pl-PL","publisher":{"@id":"https:\/\/rankorathletics.pl\/blog\/#organization"}}]},"og:locale":"pl_PL","og:site_name":"Blog Rankor Athletics -","og:type":"article","og:title":"8 tygodni do pla\u017cowej formy \u2013 podsumowanie - Blog Rankor Athletics","og:description":"Zaczn\u0119 bez zb\u0119dnych wst\u0119p\u00f3w i g\u00f3rnolotnych fraz. W trakcie 8 tygodniowego wyzwania \u0142\u0105czn\u0105 utrata wagi wynios\u0142a 9,8kg od dnia pomiaru 22.05 [91kg] do 13.07 [81,2kg] Jak to si\u0119 stao? Tydzie\u0144 1-5 Treningi Trzymaj\u0105c si\u0119 zalece\u0144 wyzwania, do normalnej aktywno\u015bci, kt\u00f3r\u0105 ju\u017c mia\u0142em doda\u0142em 3x w tygodniu po 45' wybranej formy Cardio. M\u00f3j tydzie\u0144 wygl\u0105da\u0142","og:url":"https:\/\/rankorathletics.pl\/blog\/8-tygodni-do-plazowej-formy-podsumowanie\/","og:image":"https:\/\/rankorathletics.pl\/blog\/wp-content\/uploads\/2018\/07\/37643236_907241209468309_1934445272889294848_n.jpg","og:image:secure_url":"https:\/\/rankorathletics.pl\/blog\/wp-content\/uploads\/2018\/07\/37643236_907241209468309_1934445272889294848_n.jpg","og:image:width":721,"og:image:height":1080,"article:published_time":"2018-07-25T09:52:42+00:00","article:modified_time":"2026-07-06T08:19:14+00:00","twitter:card":"summary","twitter:title":"8 tygodni do pla\u017cowej formy \u2013 podsumowanie - Blog Rankor Athletics","twitter:description":"Zaczn\u0119 bez zb\u0119dnych wst\u0119p\u00f3w i g\u00f3rnolotnych fraz. W trakcie 8 tygodniowego wyzwania \u0142\u0105czn\u0105 utrata wagi wynios\u0142a 9,8kg od dnia pomiaru 22.05 [91kg] do 13.07 [81,2kg] Jak to si\u0119 stao? Tydzie\u0144 1-5 Treningi Trzymaj\u0105c si\u0119 zalece\u0144 wyzwania, do normalnej aktywno\u015bci, kt\u00f3r\u0105 ju\u017c mia\u0142em doda\u0142em 3x w tygodniu po 45' wybranej formy Cardio. M\u00f3j tydzie\u0144 wygl\u0105da\u0142","twitter:image":"https:\/\/rankorathletics.pl\/blog\/wp-content\/uploads\/2018\/07\/37643236_907241209468309_1934445272889294848_n.jpg"},"aioseo_meta_data":{"post_id":"215","title":null,"description":null,"keywords":null,"keyphrases":{"focus":{"keyphrase":"","score":0,"analysis":{"keyphraseInTitle":{"score":0,"maxScore":9,"error":1}}},"additional":[]},"primary_term":null,"canonical_url":null,"og_title":null,"og_description":null,"og_object_type":"default","og_image_type":"default","og_image_url":null,"og_image_width":null,"og_image_height":null,"og_image_custom_url":null,"og_image_custom_fields":null,"og_video":"","og_custom_url":null,"og_article_section":null,"og_article_tags":null,"twitter_use_og":false,"twitter_card":"default","twitter_image_type":"default","twitter_image_url":null,"twitter_image_custom_url":null,"twitter_image_custom_fields":null,"twitter_title":null,"twitter_description":null,"schema":{"blockGraphs":[],"customGraphs":[],"default":{"data":{"Article":[],"Course":[],"Dataset":[],"FAQPage":[],"Movie":[],"Person":[],"Product":[],"ProductReview":[],"Car":[],"Recipe":[],"Service":[],"SoftwareApplication":[],"WebPage":[]},"graphName":"BlogPosting","isEnabled":true},"graphs":[]},"schema_type":"default","schema_type_options":null,"pillar_content":false,"robots_default":true,"robots_noindex":false,"robots_noarchive":false,"robots_nosnippet":false,"robots_nofollow":false,"robots_noimageindex":false,"robots_noodp":false,"robots_notranslate":false,"robots_max_snippet":"-1","robots_max_videopreview":"-1","robots_max_imagepreview":"large","priority":null,"frequency":"default","local_seo":null,"limit_modified_date":false,"created":"2021-11-30 20:31:43","updated":"2026-07-06 08:52:48","ai":{"faqs":[],"keyPoints":[],"schemas":[],"titles":[],"descriptions":[],"socialPosts":{"email":{"subject":"","preview":"","content":""},"linkedin":[],"twitter":[],"facebook":[],"instagram":[]}},"breadcrumb_settings":null,"seo_analyzer_scan_date":null},"aioseo_breadcrumb":"<div class=\"aioseo-breadcrumbs\"><span class=\"aioseo-breadcrumb\">\n\t\t\t<a href=\"https:\/\/rankorathletics.pl\/blog\" title=\"Home\">Home<\/a>\n\t\t<\/span><span class=\"aioseo-breadcrumb-separator\">&raquo;<\/span><span class=\"aioseo-breadcrumb\">\n\t\t\t<a href=\"https:\/\/rankorathletics.pl\/blog\/category\/bez-kategorii\/\" title=\"Bez kategorii\">Bez kategorii<\/a>\n\t\t<\/span><span class=\"aioseo-breadcrumb-separator\">&raquo;<\/span><span class=\"aioseo-breadcrumb\">\n\t\t\t8 tygodni do pla\u017cowej formy \u2013 podsumowanie\n\t\t<\/span><\/div>","aioseo_breadcrumb_json":[{"label":"Home","link":"https:\/\/rankorathletics.pl\/blog"},{"label":"Bez kategorii","link":"https:\/\/rankorathletics.pl\/blog\/category\/bez-kategorii\/"},{"label":"8 tygodni do pla\u017cowej formy &#8211; podsumowanie","link":"https:\/\/rankorathletics.pl\/blog\/8-tygodni-do-plazowej-formy-podsumowanie\/"}],"_links":{"self":[{"href":"https:\/\/rankorathletics.pl\/blog\/wp-json\/wp\/v2\/posts\/215","targetHints":{"allow":["GET"]}}],"collection":[{"href":"https:\/\/rankorathletics.pl\/blog\/wp-json\/wp\/v2\/posts"}],"about":[{"href":"https:\/\/rankorathletics.pl\/blog\/wp-json\/wp\/v2\/types\/post"}],"author":[{"embeddable":true,"href":"https:\/\/rankorathletics.pl\/blog\/wp-json\/wp\/v2\/users\/1"}],"replies":[{"embeddable":true,"href":"https:\/\/rankorathletics.pl\/blog\/wp-json\/wp\/v2\/comments?post=215"}],"version-history":[{"count":7,"href":"https:\/\/rankorathletics.pl\/blog\/wp-json\/wp\/v2\/posts\/215\/revisions"}],"predecessor-version":[{"id":231,"href":"https:\/\/rankorathletics.pl\/blog\/wp-json\/wp\/v2\/posts\/215\/revisions\/231"}],"wp:featuredmedia":[{"embeddable":true,"href":"https:\/\/rankorathletics.pl\/blog\/wp-json\/wp\/v2\/media\/742"}],"wp:attachment":[{"href":"https:\/\/rankorathletics.pl\/blog\/wp-json\/wp\/v2\/media?parent=215"}],"wp:term":[{"taxonomy":"category","embeddable":true,"href":"https:\/\/rankorathletics.pl\/blog\/wp-json\/wp\/v2\/categories?post=215"},{"taxonomy":"post_tag","embeddable":true,"href":"https:\/\/rankorathletics.pl\/blog\/wp-json\/wp\/v2\/tags?post=215"}],"curies":[{"name":"wp","href":"https:\/\/api.w.org\/{rel}","templated":true}]}}