{"id":583,"date":"2022-02-21T12:28:24","date_gmt":"2022-02-21T11:28:24","guid":{"rendered":"https:\/\/rankorathletics.pl\/blog\/?p=583"},"modified":"2022-09-06T22:16:44","modified_gmt":"2022-09-06T20:16:44","slug":"historia-kuby","status":"publish","type":"post","link":"https:\/\/rankorathletics.pl\/blog\/historia-kuby\/","title":{"rendered":"Historia Kuby"},"content":{"rendered":"\n<div class=\"wp-block-image\"><figure class=\"aligncenter size-large\"><img loading=\"lazy\" decoding=\"async\" width=\"1024\" height=\"900\" src=\"https:\/\/rankorathletics.pl\/blog\/wp-content\/uploads\/2022\/02\/zmiana-wagi-kuby-1024x900.jpg\" alt=\"Zmiana wagi wywo\u0142ana treningami i diet\u0105\" class=\"wp-image-584\" srcset=\"https:\/\/rankorathletics.pl\/blog\/wp-content\/uploads\/2022\/02\/zmiana-wagi-kuby-1024x900.jpg 1024w, https:\/\/rankorathletics.pl\/blog\/wp-content\/uploads\/2022\/02\/zmiana-wagi-kuby-300x264.jpg 300w, https:\/\/rankorathletics.pl\/blog\/wp-content\/uploads\/2022\/02\/zmiana-wagi-kuby-150x132.jpg 150w, https:\/\/rankorathletics.pl\/blog\/wp-content\/uploads\/2022\/02\/zmiana-wagi-kuby-768x675.jpg 768w, https:\/\/rankorathletics.pl\/blog\/wp-content\/uploads\/2022\/02\/zmiana-wagi-kuby-1536x1350.jpg 1536w, https:\/\/rankorathletics.pl\/blog\/wp-content\/uploads\/2022\/02\/zmiana-wagi-kuby-370x325.jpg 370w, https:\/\/rankorathletics.pl\/blog\/wp-content\/uploads\/2022\/02\/zmiana-wagi-kuby-570x501.jpg 570w, https:\/\/rankorathletics.pl\/blog\/wp-content\/uploads\/2022\/02\/zmiana-wagi-kuby-770x677.jpg 770w, https:\/\/rankorathletics.pl\/blog\/wp-content\/uploads\/2022\/02\/zmiana-wagi-kuby-1170x1028.jpg 1170w, https:\/\/rankorathletics.pl\/blog\/wp-content\/uploads\/2022\/02\/zmiana-wagi-kuby-660x580.jpg 660w, https:\/\/rankorathletics.pl\/blog\/wp-content\/uploads\/2022\/02\/zmiana-wagi-kuby.jpg 1920w\" sizes=\"auto, (max-width: 1024px) 100vw, 1024px\" \/><\/figure><\/div>\n\n\n\n<p class=\"wp-block-paragraph\"><em>Grudzie\u0144 2019:<\/em> <strong>102kg<\/strong> <\/p>\n\n\n\n<p class=\"wp-block-paragraph\"><em>Sierpie\u0144 2020:<\/em> <strong>91kg<\/strong>!<\/p>\n\n\n\n<p class=\"wp-block-paragraph\">Zobaczcie jak zmieni\u0142a si\u0119 sylwetka Kuby! <\/p>\n\n\n\n<p class=\"wp-block-paragraph\">Poprosi\u0142em go o napisanie historii do swojej przemiany treningowej bo r\u00f3\u017cnica w wygl\u0105dzie jest OGROMNA! <\/p>\n\n\n\n<p class=\"wp-block-paragraph\">Mam na imi\u0119 Jakub i mam 37 lat. Ze sportem zwi\u0105zany by\u0142em ju\u017c od czas\u00f3w studi\u00f3w. Trenowa\u0142em 5 lat Taekwondo ITF (<em>treningi przerwa\u0142em z powodu kontuzji<\/em>), 2 lata Krav-mage i my\u015bla\u0142em, \u017ce b\u0119dzie to zrobienie dw\u00f3ch pieczeni na jednym ogniu \u2013 czyli naucz\u0119 si\u0119 nieco samoobrony, a przy okazji troch\u0119 zrobi\u0119 figur\u0119 plus zadbam o kondycj\u0119. <\/p>\n\n\n\n<p class=\"wp-block-paragraph\">Na treningi chodzi\u0142em ok 3-4 razy w tygodniu. Jednak mimo wylewanych pot\u00f3w z jaki\u015b powod\u00f3w zmienia\u0142o si\u0119 ma\u0142o, mia\u0142em szybko zadyszki, a r\u0119ce tak s\u0142abe, \u017ce na sparingach nie umia\u0142em utrzyma\u0107 gardy zbyt d\u0142ugo i dostawa\u0142em b\u0119cki . <\/p>\n\n\n\n<p class=\"wp-block-paragraph\">Teraz z perspektywy czasu widz\u0119 , \u017ce dieta te\u017c ma bardzo ogromne znaczenie, szczeg\u00f3lnie jako\u015b\u0107 posi\u0142k\u00f3w i odpowiednie komponowanie sk\u0142adnik\u00f3w, ale na studiach nie mia\u0142em do tego g\u0142owy i funduszy. \ud83d\ude09 My\u015bla\u0142em wtedy \u017ceby p\u00f3j\u015b\u0107 na si\u0142ownie i nieco popracowa\u0107 nad tym problemem\u2026.ale sk\u0105d mam wiedzie\u0107 jak wykonywa\u0107 poprawnie \u0107wiczenia ? <\/p>\n\n\n\n<p class=\"wp-block-paragraph\">A mo\u017ce b\u0119d\u0119 robi\u0107 co\u015b \u017ale i albo nabawi\u0119 si\u0119 kontuzji albo niew\u0142a\u015bciwie wykonywane \u0107wiczenia nie b\u0119d\u0105 przynosi\u0107 spodziewanego efektu ? No i jak wybra\u0107 plan treningu ? Na czym si\u0119 skupi\u0107 ? Te wszystkie w\u0105tpliwo\u015bci sprawia\u0142y, \u017ce odk\u0142ada\u0142em si\u0142owni\u0119 na <em>\u201epotem\u201d<\/em>. W 2019 dowiedzia\u0142em si\u0119, \u017ce jest co\u015b takiego jak Cross-fit, czyli jakby zaj\u0119cia grupowe-si\u0142ownia, ale pod okiem obecnego ca\u0142y czas na zaj\u0119ciach trenera. Zaciekawi\u0142em si\u0119 i poszed\u0142em sprawdzi\u0107. By\u0142o na pocz\u0105tku mega trudno \u2013 lekka dzi\u015b i przyjemna rozgrzeweczka by\u0142a dla mnie wtedy wyzwaniem. <\/p>\n\n\n\n<p class=\"wp-block-paragraph\">Po pierwszych treningach by\u0142 b\u00f3l mi\u0119\u015bni, \u201ezakwasy\u201d ale te\u017c i rado\u015b\u0107 \u017ce: \u201eco\u015b si\u0119 dzieje, bo skoro boli \u0142apa czy brzuch to znaczy, \u017ce mo\u017ce trening dzia\u0142a\u201d W grudniu 2019 wa\u017cy\u0142em 102 kg, a p\u00f3\u0142tora roku p\u00f3\u017aniej ( a by\u0142y po drodze jeszcze lockdowny i zaj\u0119\u0107 nie by\u0142o ) waga spad\u0142a mi do 91 kg, a sylwetka znacznie si\u0119 poprawi\u0142a. <\/p>\n\n\n\n<p class=\"wp-block-paragraph\">Treningi przesta\u0142y by\u0107 tak m\u0119cz\u0105ce i poprawi\u0142a si\u0119 te\u017c znacznie kondycja poprawi\u0119 sylwetki- wyprostowana pozycja itd. Dodatkowo na treningi chodz\u0105 fajne, pozytywne osoby i mo\u017cna si\u0119 po\u015bmia\u0107 i pogada\u0107, a godzinny trening leci w takiej atmosferze tak szybko jakby trwa\u0142 15 min. Po zaj\u0119ciach wychodzi si\u0119 u\u015bmiechni\u0119tym, zadowolonym bo okazuje si\u0119, \u017ce trening fizyczny dzia\u0142a tak, \u017ce mo\u017cna zapomnie\u0107 np. o pracy, obowi\u0105zkach, problemach i ca\u0142ym \u015bwiecie i si\u0119 zupe\u0142nie psychicznie zrelaksowa\u0107. Trenerzy (Miko\u0142aj i \u0141ukasz) w czasie zaj\u0119\u0107 ca\u0142y czas czuwaj\u0105 nad poprawno\u015bci\u0105 wykonywanych \u0107wicze\u0144, a tak\u017ce motywuj\u0105 do wi\u0119kszych post\u0119p\u00f3w. Po dw\u00f3ch lata stwierdzam, \u017ce zapisanie si\u0119 na crossfit by\u0142o super pomys\u0142em i ciesz\u0119 si\u0119, ze trafi\u0142em do klubu Rankor Athletics.<\/p>\n","protected":false},"excerpt":{"rendered":"<p>Grudzie\u0144 2019: 102kg Sierpie\u0144 2020: 91kg! Zobaczcie jak zmieni\u0142a si\u0119 sylwetka Kuby!&#8230;<\/p>\n","protected":false},"author":1,"featured_media":0,"comment_status":"closed","ping_status":"open","sticky":false,"template":"","format":"standard","meta":{"footnotes":""},"categories":[4],"tags":[],"class_list":["post-583","post","type-post","status-publish","format-standard","hentry","category-motywacyjne","post-item","post-even"],"aioseo_notices":[],"aioseo_head":"\n\t\t<!-- All in One SEO 4.9.9 - aioseo.com -->\n\t<meta name=\"description\" content=\"Grudzie\u0144 2019: 102kg Sierpie\u0144 2020: 91kg! Zobaczcie jak zmieni\u0142a si\u0119 sylwetka Kuby! Poprosi\u0142em go o napisanie historii do swojej przemiany treningowej bo r\u00f3\u017cnica w wygl\u0105dzie jest OGROMNA! Mam na imi\u0119 Jakub i mam 37 lat. Ze sportem zwi\u0105zany by\u0142em ju\u017c od czas\u00f3w studi\u00f3w. Trenowa\u0142em 5 lat Taekwondo ITF (treningi przerwa\u0142em z powodu kontuzji), 2 lata\" \/>\n\t<meta name=\"robots\" content=\"max-image-preview:large\" \/>\n\t<meta name=\"author\" content=\"\u0141ukasz Po\u0142uboczek\"\/>\n\t<link rel=\"canonical\" href=\"https:\/\/rankorathletics.pl\/blog\/historia-kuby\/\" \/>\n\t<meta name=\"generator\" content=\"All in One SEO (AIOSEO) 4.9.9\" \/>\n\t\t<meta property=\"og:locale\" content=\"pl_PL\" \/>\n\t\t<meta property=\"og:site_name\" content=\"Blog Rankor Athletics -\" \/>\n\t\t<meta property=\"og:type\" content=\"article\" \/>\n\t\t<meta property=\"og:title\" content=\"Historia Kuby - Blog Rankor Athletics\" \/>\n\t\t<meta property=\"og:description\" content=\"Grudzie\u0144 2019: 102kg Sierpie\u0144 2020: 91kg! Zobaczcie jak zmieni\u0142a si\u0119 sylwetka Kuby! Poprosi\u0142em go o napisanie historii do swojej przemiany treningowej bo r\u00f3\u017cnica w wygl\u0105dzie jest OGROMNA! Mam na imi\u0119 Jakub i mam 37 lat. Ze sportem zwi\u0105zany by\u0142em ju\u017c od czas\u00f3w studi\u00f3w. Trenowa\u0142em 5 lat Taekwondo ITF (treningi przerwa\u0142em z powodu kontuzji), 2 lata\" \/>\n\t\t<meta property=\"og:url\" content=\"https:\/\/rankorathletics.pl\/blog\/historia-kuby\/\" \/>\n\t\t<meta property=\"article:published_time\" content=\"2022-02-21T11:28:24+00:00\" \/>\n\t\t<meta property=\"article:modified_time\" content=\"2022-09-06T20:16:44+00:00\" \/>\n\t\t<meta name=\"twitter:card\" content=\"summary\" \/>\n\t\t<meta name=\"twitter:title\" content=\"Historia Kuby - Blog Rankor Athletics\" \/>\n\t\t<meta name=\"twitter:description\" content=\"Grudzie\u0144 2019: 102kg Sierpie\u0144 2020: 91kg! Zobaczcie jak zmieni\u0142a si\u0119 sylwetka Kuby! Poprosi\u0142em go o napisanie historii do swojej przemiany treningowej bo r\u00f3\u017cnica w wygl\u0105dzie jest OGROMNA! Mam na imi\u0119 Jakub i mam 37 lat. Ze sportem zwi\u0105zany by\u0142em ju\u017c od czas\u00f3w studi\u00f3w. Trenowa\u0142em 5 lat Taekwondo ITF (treningi przerwa\u0142em z powodu kontuzji), 2 lata\" \/>\n\t\t<script type=\"application\/ld+json\" class=\"aioseo-schema\">\n\t\t\t{\"@context\":\"https:\\\/\\\/schema.org\",\"@graph\":[{\"@type\":\"BlogPosting\",\"@id\":\"https:\\\/\\\/rankorathletics.pl\\\/blog\\\/historia-kuby\\\/#blogposting\",\"name\":\"Historia Kuby - Blog Rankor Athletics\",\"headline\":\"Historia Kuby\",\"author\":{\"@id\":\"https:\\\/\\\/rankorathletics.pl\\\/blog\\\/author\\\/lukasz\\\/#author\"},\"publisher\":{\"@id\":\"https:\\\/\\\/rankorathletics.pl\\\/blog\\\/#organization\"},\"image\":{\"@type\":\"ImageObject\",\"url\":\"https:\\\/\\\/rankorathletics.pl\\\/blog\\\/wp-content\\\/uploads\\\/2022\\\/02\\\/zmiana-wagi-kuby.jpg\",\"@id\":\"https:\\\/\\\/rankorathletics.pl\\\/blog\\\/historia-kuby\\\/#articleImage\",\"width\":1920,\"height\":1687},\"datePublished\":\"2022-02-21T12:28:24+01:00\",\"dateModified\":\"2022-09-06T22:16:44+02:00\",\"inLanguage\":\"pl-PL\",\"mainEntityOfPage\":{\"@id\":\"https:\\\/\\\/rankorathletics.pl\\\/blog\\\/historia-kuby\\\/#webpage\"},\"isPartOf\":{\"@id\":\"https:\\\/\\\/rankorathletics.pl\\\/blog\\\/historia-kuby\\\/#webpage\"},\"articleSection\":\"Motywacja\"},{\"@type\":\"BreadcrumbList\",\"@id\":\"https:\\\/\\\/rankorathletics.pl\\\/blog\\\/historia-kuby\\\/#breadcrumblist\",\"itemListElement\":[{\"@type\":\"ListItem\",\"@id\":\"https:\\\/\\\/rankorathletics.pl\\\/blog#listItem\",\"position\":1,\"name\":\"Home\",\"item\":\"https:\\\/\\\/rankorathletics.pl\\\/blog\",\"nextItem\":{\"@type\":\"ListItem\",\"@id\":\"https:\\\/\\\/rankorathletics.pl\\\/blog\\\/category\\\/motywacyjne\\\/#listItem\",\"name\":\"Motywacja\"}},{\"@type\":\"ListItem\",\"@id\":\"https:\\\/\\\/rankorathletics.pl\\\/blog\\\/category\\\/motywacyjne\\\/#listItem\",\"position\":2,\"name\":\"Motywacja\",\"item\":\"https:\\\/\\\/rankorathletics.pl\\\/blog\\\/category\\\/motywacyjne\\\/\",\"nextItem\":{\"@type\":\"ListItem\",\"@id\":\"https:\\\/\\\/rankorathletics.pl\\\/blog\\\/historia-kuby\\\/#listItem\",\"name\":\"Historia Kuby\"},\"previousItem\":{\"@type\":\"ListItem\",\"@id\":\"https:\\\/\\\/rankorathletics.pl\\\/blog#listItem\",\"name\":\"Home\"}},{\"@type\":\"ListItem\",\"@id\":\"https:\\\/\\\/rankorathletics.pl\\\/blog\\\/historia-kuby\\\/#listItem\",\"position\":3,\"name\":\"Historia Kuby\",\"previousItem\":{\"@type\":\"ListItem\",\"@id\":\"https:\\\/\\\/rankorathletics.pl\\\/blog\\\/category\\\/motywacyjne\\\/#listItem\",\"name\":\"Motywacja\"}}]},{\"@type\":\"Organization\",\"@id\":\"https:\\\/\\\/rankorathletics.pl\\\/blog\\\/#organization\",\"name\":\"Blog Rankor Athletics\",\"url\":\"https:\\\/\\\/rankorathletics.pl\\\/blog\\\/\"},{\"@type\":\"Person\",\"@id\":\"https:\\\/\\\/rankorathletics.pl\\\/blog\\\/author\\\/lukasz\\\/#author\",\"url\":\"https:\\\/\\\/rankorathletics.pl\\\/blog\\\/author\\\/lukasz\\\/\",\"name\":\"\\u0141ukasz Po\\u0142uboczek\",\"image\":{\"@type\":\"ImageObject\",\"@id\":\"https:\\\/\\\/rankorathletics.pl\\\/blog\\\/historia-kuby\\\/#authorImage\",\"url\":\"https:\\\/\\\/secure.gravatar.com\\\/avatar\\\/62ec4e0892aac28d92928bb932e476d20b77e9c07172bf26913662665ad59586?s=96&d=mm&r=g\",\"width\":96,\"height\":96,\"caption\":\"\\u0141ukasz Po\\u0142uboczek\"}},{\"@type\":\"WebPage\",\"@id\":\"https:\\\/\\\/rankorathletics.pl\\\/blog\\\/historia-kuby\\\/#webpage\",\"url\":\"https:\\\/\\\/rankorathletics.pl\\\/blog\\\/historia-kuby\\\/\",\"name\":\"Historia Kuby - Blog Rankor Athletics\",\"description\":\"Grudzie\\u0144 2019: 102kg Sierpie\\u0144 2020: 91kg! Zobaczcie jak zmieni\\u0142a si\\u0119 sylwetka Kuby! Poprosi\\u0142em go o napisanie historii do swojej przemiany treningowej bo r\\u00f3\\u017cnica w wygl\\u0105dzie jest OGROMNA! Mam na imi\\u0119 Jakub i mam 37 lat. Ze sportem zwi\\u0105zany by\\u0142em ju\\u017c od czas\\u00f3w studi\\u00f3w. Trenowa\\u0142em 5 lat Taekwondo ITF (treningi przerwa\\u0142em z powodu kontuzji), 2 lata\",\"inLanguage\":\"pl-PL\",\"isPartOf\":{\"@id\":\"https:\\\/\\\/rankorathletics.pl\\\/blog\\\/#website\"},\"breadcrumb\":{\"@id\":\"https:\\\/\\\/rankorathletics.pl\\\/blog\\\/historia-kuby\\\/#breadcrumblist\"},\"author\":{\"@id\":\"https:\\\/\\\/rankorathletics.pl\\\/blog\\\/author\\\/lukasz\\\/#author\"},\"creator\":{\"@id\":\"https:\\\/\\\/rankorathletics.pl\\\/blog\\\/author\\\/lukasz\\\/#author\"},\"datePublished\":\"2022-02-21T12:28:24+01:00\",\"dateModified\":\"2022-09-06T22:16:44+02:00\"},{\"@type\":\"WebSite\",\"@id\":\"https:\\\/\\\/rankorathletics.pl\\\/blog\\\/#website\",\"url\":\"https:\\\/\\\/rankorathletics.pl\\\/blog\\\/\",\"name\":\"Blog Rankor Athletics\",\"inLanguage\":\"pl-PL\",\"publisher\":{\"@id\":\"https:\\\/\\\/rankorathletics.pl\\\/blog\\\/#organization\"}}]}\n\t\t<\/script>\n\t\t<!-- All in One SEO -->\n\n","aioseo_head_json":{"title":"Historia Kuby - Blog Rankor Athletics","description":"Grudzie\u0144 2019: 102kg Sierpie\u0144 2020: 91kg! Zobaczcie jak zmieni\u0142a si\u0119 sylwetka Kuby! Poprosi\u0142em go o napisanie historii do swojej przemiany treningowej bo r\u00f3\u017cnica w wygl\u0105dzie jest OGROMNA! Mam na imi\u0119 Jakub i mam 37 lat. Ze sportem zwi\u0105zany by\u0142em ju\u017c od czas\u00f3w studi\u00f3w. Trenowa\u0142em 5 lat Taekwondo ITF (treningi przerwa\u0142em z powodu kontuzji), 2 lata","canonical_url":"https:\/\/rankorathletics.pl\/blog\/historia-kuby\/","robots":"max-image-preview:large","keywords":"","webmasterTools":{"miscellaneous":""},"schema":{"@context":"https:\/\/schema.org","@graph":[{"@type":"BlogPosting","@id":"https:\/\/rankorathletics.pl\/blog\/historia-kuby\/#blogposting","name":"Historia Kuby - Blog Rankor Athletics","headline":"Historia Kuby","author":{"@id":"https:\/\/rankorathletics.pl\/blog\/author\/lukasz\/#author"},"publisher":{"@id":"https:\/\/rankorathletics.pl\/blog\/#organization"},"image":{"@type":"ImageObject","url":"https:\/\/rankorathletics.pl\/blog\/wp-content\/uploads\/2022\/02\/zmiana-wagi-kuby.jpg","@id":"https:\/\/rankorathletics.pl\/blog\/historia-kuby\/#articleImage","width":1920,"height":1687},"datePublished":"2022-02-21T12:28:24+01:00","dateModified":"2022-09-06T22:16:44+02:00","inLanguage":"pl-PL","mainEntityOfPage":{"@id":"https:\/\/rankorathletics.pl\/blog\/historia-kuby\/#webpage"},"isPartOf":{"@id":"https:\/\/rankorathletics.pl\/blog\/historia-kuby\/#webpage"},"articleSection":"Motywacja"},{"@type":"BreadcrumbList","@id":"https:\/\/rankorathletics.pl\/blog\/historia-kuby\/#breadcrumblist","itemListElement":[{"@type":"ListItem","@id":"https:\/\/rankorathletics.pl\/blog#listItem","position":1,"name":"Home","item":"https:\/\/rankorathletics.pl\/blog","nextItem":{"@type":"ListItem","@id":"https:\/\/rankorathletics.pl\/blog\/category\/motywacyjne\/#listItem","name":"Motywacja"}},{"@type":"ListItem","@id":"https:\/\/rankorathletics.pl\/blog\/category\/motywacyjne\/#listItem","position":2,"name":"Motywacja","item":"https:\/\/rankorathletics.pl\/blog\/category\/motywacyjne\/","nextItem":{"@type":"ListItem","@id":"https:\/\/rankorathletics.pl\/blog\/historia-kuby\/#listItem","name":"Historia Kuby"},"previousItem":{"@type":"ListItem","@id":"https:\/\/rankorathletics.pl\/blog#listItem","name":"Home"}},{"@type":"ListItem","@id":"https:\/\/rankorathletics.pl\/blog\/historia-kuby\/#listItem","position":3,"name":"Historia Kuby","previousItem":{"@type":"ListItem","@id":"https:\/\/rankorathletics.pl\/blog\/category\/motywacyjne\/#listItem","name":"Motywacja"}}]},{"@type":"Organization","@id":"https:\/\/rankorathletics.pl\/blog\/#organization","name":"Blog Rankor Athletics","url":"https:\/\/rankorathletics.pl\/blog\/"},{"@type":"Person","@id":"https:\/\/rankorathletics.pl\/blog\/author\/lukasz\/#author","url":"https:\/\/rankorathletics.pl\/blog\/author\/lukasz\/","name":"\u0141ukasz Po\u0142uboczek","image":{"@type":"ImageObject","@id":"https:\/\/rankorathletics.pl\/blog\/historia-kuby\/#authorImage","url":"https:\/\/secure.gravatar.com\/avatar\/62ec4e0892aac28d92928bb932e476d20b77e9c07172bf26913662665ad59586?s=96&d=mm&r=g","width":96,"height":96,"caption":"\u0141ukasz Po\u0142uboczek"}},{"@type":"WebPage","@id":"https:\/\/rankorathletics.pl\/blog\/historia-kuby\/#webpage","url":"https:\/\/rankorathletics.pl\/blog\/historia-kuby\/","name":"Historia Kuby - Blog Rankor Athletics","description":"Grudzie\u0144 2019: 102kg Sierpie\u0144 2020: 91kg! Zobaczcie jak zmieni\u0142a si\u0119 sylwetka Kuby! Poprosi\u0142em go o napisanie historii do swojej przemiany treningowej bo r\u00f3\u017cnica w wygl\u0105dzie jest OGROMNA! Mam na imi\u0119 Jakub i mam 37 lat. Ze sportem zwi\u0105zany by\u0142em ju\u017c od czas\u00f3w studi\u00f3w. Trenowa\u0142em 5 lat Taekwondo ITF (treningi przerwa\u0142em z powodu kontuzji), 2 lata","inLanguage":"pl-PL","isPartOf":{"@id":"https:\/\/rankorathletics.pl\/blog\/#website"},"breadcrumb":{"@id":"https:\/\/rankorathletics.pl\/blog\/historia-kuby\/#breadcrumblist"},"author":{"@id":"https:\/\/rankorathletics.pl\/blog\/author\/lukasz\/#author"},"creator":{"@id":"https:\/\/rankorathletics.pl\/blog\/author\/lukasz\/#author"},"datePublished":"2022-02-21T12:28:24+01:00","dateModified":"2022-09-06T22:16:44+02:00"},{"@type":"WebSite","@id":"https:\/\/rankorathletics.pl\/blog\/#website","url":"https:\/\/rankorathletics.pl\/blog\/","name":"Blog Rankor Athletics","inLanguage":"pl-PL","publisher":{"@id":"https:\/\/rankorathletics.pl\/blog\/#organization"}}]},"og:locale":"pl_PL","og:site_name":"Blog Rankor Athletics -","og:type":"article","og:title":"Historia Kuby - Blog Rankor Athletics","og:description":"Grudzie\u0144 2019: 102kg Sierpie\u0144 2020: 91kg! Zobaczcie jak zmieni\u0142a si\u0119 sylwetka Kuby! Poprosi\u0142em go o napisanie historii do swojej przemiany treningowej bo r\u00f3\u017cnica w wygl\u0105dzie jest OGROMNA! Mam na imi\u0119 Jakub i mam 37 lat. Ze sportem zwi\u0105zany by\u0142em ju\u017c od czas\u00f3w studi\u00f3w. Trenowa\u0142em 5 lat Taekwondo ITF (treningi przerwa\u0142em z powodu kontuzji), 2 lata","og:url":"https:\/\/rankorathletics.pl\/blog\/historia-kuby\/","article:published_time":"2022-02-21T11:28:24+00:00","article:modified_time":"2022-09-06T20:16:44+00:00","twitter:card":"summary","twitter:title":"Historia Kuby - Blog Rankor Athletics","twitter:description":"Grudzie\u0144 2019: 102kg Sierpie\u0144 2020: 91kg! Zobaczcie jak zmieni\u0142a si\u0119 sylwetka Kuby! Poprosi\u0142em go o napisanie historii do swojej przemiany treningowej bo r\u00f3\u017cnica w wygl\u0105dzie jest OGROMNA! Mam na imi\u0119 Jakub i mam 37 lat. Ze sportem zwi\u0105zany by\u0142em ju\u017c od czas\u00f3w studi\u00f3w. Trenowa\u0142em 5 lat Taekwondo ITF (treningi przerwa\u0142em z powodu kontuzji), 2 lata"},"aioseo_meta_data":{"post_id":"583","title":"#post_title #separator_sa #site_title","description":"#post_excerpt","keywords":[],"keyphrases":{"focus":[],"additional":[]},"primary_term":null,"canonical_url":null,"og_title":null,"og_description":null,"og_object_type":"default","og_image_type":"default","og_image_url":null,"og_image_width":null,"og_image_height":null,"og_image_custom_url":null,"og_image_custom_fields":null,"og_video":"","og_custom_url":null,"og_article_section":null,"og_article_tags":[],"twitter_use_og":false,"twitter_card":"default","twitter_image_type":"default","twitter_image_url":null,"twitter_image_custom_url":null,"twitter_image_custom_fields":null,"twitter_title":null,"twitter_description":null,"schema":{"blockGraphs":[],"customGraphs":[],"default":{"data":{"Article":{"id":"#aioseo-article-6753747ea74e1","slug":"article","graphName":"Article","label":"Artyku\u0142","properties":{"type":"BlogPosting","name":"#post_title","headline":"#post_title","description":"#post_excerpt","image":"","keywords":"","author":{"name":"#author_name","url":"#author_url"},"dates":{"include":true,"datePublished":"","dateModified":""}}},"Course":[],"Dataset":[],"FAQPage":[],"Movie":[],"Person":[],"Product":[],"ProductReview":[],"Car":[],"Recipe":[],"Service":[],"SoftwareApplication":[],"WebPage":[]},"graphName":"Article","isEnabled":true},"graphs":[]},"schema_type":"default","schema_type_options":"{\"article\":{\"articleType\":\"BlogPosting\"},\"course\":{\"name\":\"\",\"description\":\"\",\"provider\":\"\"},\"faq\":{\"pages\":[]},\"product\":{\"reviews\":[]},\"recipe\":{\"ingredients\":[],\"instructions\":[],\"keywords\":[]},\"software\":{\"reviews\":[],\"operatingSystems\":[]},\"webPage\":{\"webPageType\":\"WebPage\"}}","pillar_content":false,"robots_default":true,"robots_noindex":false,"robots_noarchive":false,"robots_nosnippet":false,"robots_nofollow":false,"robots_noimageindex":false,"robots_noodp":false,"robots_notranslate":false,"robots_max_snippet":"-1","robots_max_videopreview":"-1","robots_max_imagepreview":"large","priority":null,"frequency":"default","local_seo":null,"limit_modified_date":false,"created":"2022-02-21 11:27:45","updated":"2026-06-17 12:09:45","ai":null,"breadcrumb_settings":null,"seo_analyzer_scan_date":null},"aioseo_breadcrumb":"<div class=\"aioseo-breadcrumbs\"><span class=\"aioseo-breadcrumb\">\n\t\t\t<a href=\"https:\/\/rankorathletics.pl\/blog\" title=\"Home\">Home<\/a>\n\t\t<\/span><span class=\"aioseo-breadcrumb-separator\">&raquo;<\/span><span class=\"aioseo-breadcrumb\">\n\t\t\t<a href=\"https:\/\/rankorathletics.pl\/blog\/category\/motywacyjne\/\" title=\"Motywacja\">Motywacja<\/a>\n\t\t<\/span><span class=\"aioseo-breadcrumb-separator\">&raquo;<\/span><span class=\"aioseo-breadcrumb\">\n\t\t\tHistoria Kuby\n\t\t<\/span><\/div>","aioseo_breadcrumb_json":[{"label":"Home","link":"https:\/\/rankorathletics.pl\/blog"},{"label":"Motywacja","link":"https:\/\/rankorathletics.pl\/blog\/category\/motywacyjne\/"},{"label":"Historia Kuby","link":"https:\/\/rankorathletics.pl\/blog\/historia-kuby\/"}],"_links":{"self":[{"href":"https:\/\/rankorathletics.pl\/blog\/wp-json\/wp\/v2\/posts\/583","targetHints":{"allow":["GET"]}}],"collection":[{"href":"https:\/\/rankorathletics.pl\/blog\/wp-json\/wp\/v2\/posts"}],"about":[{"href":"https:\/\/rankorathletics.pl\/blog\/wp-json\/wp\/v2\/types\/post"}],"author":[{"embeddable":true,"href":"https:\/\/rankorathletics.pl\/blog\/wp-json\/wp\/v2\/users\/1"}],"replies":[{"embeddable":true,"href":"https:\/\/rankorathletics.pl\/blog\/wp-json\/wp\/v2\/comments?post=583"}],"version-history":[{"count":2,"href":"https:\/\/rankorathletics.pl\/blog\/wp-json\/wp\/v2\/posts\/583\/revisions"}],"predecessor-version":[{"id":586,"href":"https:\/\/rankorathletics.pl\/blog\/wp-json\/wp\/v2\/posts\/583\/revisions\/586"}],"wp:attachment":[{"href":"https:\/\/rankorathletics.pl\/blog\/wp-json\/wp\/v2\/media?parent=583"}],"wp:term":[{"taxonomy":"category","embeddable":true,"href":"https:\/\/rankorathletics.pl\/blog\/wp-json\/wp\/v2\/categories?post=583"},{"taxonomy":"post_tag","embeddable":true,"href":"https:\/\/rankorathletics.pl\/blog\/wp-json\/wp\/v2\/tags?post=583"}],"curies":[{"name":"wp","href":"https:\/\/api.w.org\/{rel}","templated":true}]}}